{"id":4428,"date":"2015-05-03T20:09:49","date_gmt":"2015-05-03T18:09:49","guid":{"rendered":"http:\/\/tsvkuppingen.de\/lauftreff\/site\/?p=4428"},"modified":"2015-05-03T20:09:49","modified_gmt":"2015-05-03T18:09:49","slug":"03-05-2015-badische-meile","status":"publish","type":"post","link":"https:\/\/tsvkuppingen.de\/lauftreff\/site\/?p=4428","title":{"rendered":"03.05.2015: Badische Meile"},"content":{"rendered":"<p>Eine Teilnahme an der \u201eBadischen Meile\u201c in Karlsruhe ist f\u00fcr alle badischen und badisch-st\u00e4mmigen L\u00e4ufer Pflicht. So auch f\u00fcr Andrea Sch\u00f6llkopf, die die 8,888899 Kilometer in ihrer alten Heimat im TSV-Trikot unter die Laufschuhe nahm. Das historische L\u00e4ngenma\u00df geht auf den Markgrafen Carl Friedrich zur\u00fcck, der einstmals in zwei Wegstunden diese Distanz im Karlsruher Hardtwald zur\u00fccklegte. Bis zum Jahr 1819 wurden in Baden daraufhin mit dieser so definierten Meile L\u00e4ngen gemessen.<br \/>\nDie &#8222;krumme Distanz&#8220; wurde heuer zum 26. Mal durch die Karlsruher Innenstadt ausgetragen: unter 5.138 Teilnehmern im L\u00e4uferfeld belegte Andrea in 54:51,8 Minuten Platz 3663, gleichbedeutend mit Platz 1002 in der Frauenwertung. Damit hat sie bei einer ihrer seltenen Volkslaufteilnahmen noch 866 L\u00e4uferinnen hinter sich gelassen und war ob dieses Erfolgserlebnisses im Ziel entsprechend gl\u00fccklich.<\/p>\n<div id=\"attachment_4429\" style=\"width: 253px\" class=\"wp-caption alignnone\"><a href=\"http:\/\/tsvkuppingen.de\/lauftreff\/site\/wp-content\/uploads\/2015\/05\/201505031942541_3842.jpg.jpg\"><img loading=\"lazy\" decoding=\"async\" aria-describedby=\"caption-attachment-4429\" src=\"http:\/\/tsvkuppingen.de\/lauftreff\/site\/wp-content\/uploads\/2015\/05\/201505031942541_3842.jpg-243x300.jpg\" alt=\"Andrea Sch\u00f6llkopf auf der Badischen Meile\" title=\"Badische Meile\" width=\"243\" height=\"300\" class=\"size-medium wp-image-4429\" srcset=\"https:\/\/tsvkuppingen.de\/lauftreff\/site\/wp-content\/uploads\/2015\/05\/201505031942541_3842.jpg-243x300.jpg 243w, https:\/\/tsvkuppingen.de\/lauftreff\/site\/wp-content\/uploads\/2015\/05\/201505031942541_3842.jpg.jpg 390w\" sizes=\"auto, (max-width: 243px) 100vw, 243px\" \/><\/a><p id=\"caption-attachment-4429\" class=\"wp-caption-text\">Andrea Sch\u00f6llkopf auf der Badischen Meile<\/p><\/div>\n","protected":false},"excerpt":{"rendered":"<p>Eine Teilnahme an der \u201eBadischen Meile\u201c in Karlsruhe ist f\u00fcr alle badischen und badisch-st\u00e4mmigen L\u00e4ufer Pflicht. So auch f\u00fcr Andrea Sch\u00f6llkopf, die die 8,888899 Kilometer in ihrer alten Heimat im TSV-Trikot unter die Laufschuhe nahm. Das historische L\u00e4ngenma\u00df geht auf den Markgrafen Carl Friedrich zur\u00fcck, der einstmals in zwei Wegstunden diese Distanz im Karlsruher Hardtwald [&hellip;]<\/p>\n","protected":false},"author":2,"featured_media":0,"comment_status":"open","ping_status":"open","sticky":false,"template":"","format":"standard","meta":{"ngg_post_thumbnail":0,"footnotes":""},"categories":[14],"tags":[],"class_list":["post-4428","post","type-post","status-publish","format-standard","hentry","category-ergebnisse2015"],"_links":{"self":[{"href":"https:\/\/tsvkuppingen.de\/lauftreff\/site\/index.php?rest_route=\/wp\/v2\/posts\/4428","targetHints":{"allow":["GET"]}}],"collection":[{"href":"https:\/\/tsvkuppingen.de\/lauftreff\/site\/index.php?rest_route=\/wp\/v2\/posts"}],"about":[{"href":"https:\/\/tsvkuppingen.de\/lauftreff\/site\/index.php?rest_route=\/wp\/v2\/types\/post"}],"author":[{"embeddable":true,"href":"https:\/\/tsvkuppingen.de\/lauftreff\/site\/index.php?rest_route=\/wp\/v2\/users\/2"}],"replies":[{"embeddable":true,"href":"https:\/\/tsvkuppingen.de\/lauftreff\/site\/index.php?rest_route=%2Fwp%2Fv2%2Fcomments&post=4428"}],"version-history":[{"count":1,"href":"https:\/\/tsvkuppingen.de\/lauftreff\/site\/index.php?rest_route=\/wp\/v2\/posts\/4428\/revisions"}],"predecessor-version":[{"id":4430,"href":"https:\/\/tsvkuppingen.de\/lauftreff\/site\/index.php?rest_route=\/wp\/v2\/posts\/4428\/revisions\/4430"}],"wp:attachment":[{"href":"https:\/\/tsvkuppingen.de\/lauftreff\/site\/index.php?rest_route=%2Fwp%2Fv2%2Fmedia&parent=4428"}],"wp:term":[{"taxonomy":"category","embeddable":true,"href":"https:\/\/tsvkuppingen.de\/lauftreff\/site\/index.php?rest_route=%2Fwp%2Fv2%2Fcategories&post=4428"},{"taxonomy":"post_tag","embeddable":true,"href":"https:\/\/tsvkuppingen.de\/lauftreff\/site\/index.php?rest_route=%2Fwp%2Fv2%2Ftags&post=4428"}],"curies":[{"name":"wp","href":"https:\/\/api.w.org\/{rel}","templated":true}]}}