{"id":5747,"date":"2017-03-21T12:00:14","date_gmt":"2017-03-21T10:00:14","guid":{"rendered":"http:\/\/tsvkuppingen.de\/lauftreff\/site\/?p=5747"},"modified":"2017-03-21T12:00:14","modified_gmt":"2017-03-21T10:00:14","slug":"5747","status":"publish","type":"post","link":"https:\/\/tsvkuppingen.de\/lauftreff\/site\/?p=5747","title":{"rendered":""},"content":{"rendered":"<p><strong>19.03.2017: 4. Magstadtlauf<\/strong><br \/>\n<br \/>\nAm Abschlusslauf in Magstadt \u00fcber 10,5 km der Winterlaufserie B\u00f6blingen gingen 329 Starter ins Rennen. Bei 12 \u00b0C und trockenen Bedingungen ging es die ersten 2 km hinauf in den Wald. Vom starken Wind merkten die L\u00e4ufer noch nichts, da sie ihn als R\u00fcckenwind bekamen. Auch im Wald mit leichtem auf und ab war es ruhig. Das \u00e4nderte sich als es die letzten 2 km \u00fcber das offene Tal zur\u00fcck nach Magstadt ging. Frontal bremste der Wind das sonst lockere ebene Laufen. Pech, wer bis dahin zu keinen Vordermann heranlaufen konnte und um sich im Windschattenlaufen zu versuchen oder gar F\u00fchrungsarbeit leisten musste. Im Ort angekommen war der Wind zwar weg, aber die letzten 500 m geht es komplett bergan ins Ziel. Insgesamt zufrieden mit den Leistungen waren die TSVler. \u00dcber Platz 1 in der Altersklasse freute sich Tanja Maier, die hier zum ersten Mal an den Start ging. Auch Uta Groeper gelang der Sprung mit Platz 3 aufs Treppchen in der Altersklasse. Gute Bedingungen f\u00fcr den Start in 3 Wochen zum Auftakt des Sch\u00f6nbuch-Cups dem Riedlauf in Weil der Stadt.<br \/>\nBei den Sch\u00fclerl\u00e4ufen zeigt Julia Schneider, wie beim Lauf beim Glaspalst in Sindelfingen, das es an ihr kein Vorbeikommen gibt. Mit Platz 1 gewann sie die WK U12 \u00fcber 1000 m. Hannah Groeper in der WK U14 war mit leichten R\u00fcckenproblemen an den Start gegangen und gl\u00fccklich \u00fcber Platz 3.<br \/>\n<br \/>\n<strong>Hauptlauf 10,5 km<\/strong><br \/>\n<br \/>\n46.\tHagen Zel\u00dfmann \u00a0   44:46\t4.\tM50<br \/>\n74.\tRoland Ries \u00a0 \u00a0 \u00a0 \u00a0 \u00a0   47:52\t8.\tM55<br \/>\n88.\tEnrico Ihde \u00a0 \u00a0 \u00a0 \u00a0 \u00a0   48:36\t11.\tM35<br \/>\n104.\tAlbrecht Mayer \u00a0 \u00a0    49:21\t4.\tM60<br \/>\n126.\tThomas Lohrer \u00a0     \u00a050:53\t16.   M45<br \/>\n130.\tTanja Maier \u00a0 \u00a0 \u00a0 \u00a0     51:18\t1.\tW35<br \/>\n132.\tMichael Piske \u00a0 \u00a0 \u00a0    51:26\t4.\tM65<br \/>\n154.\tUta Groeper \u00a0 \u00a0 \u00a0 \u00a0    53:14\t3.\tW40<br \/>\n188.\tKirsten Baumann     56:08  5.\tW40<br \/>\n<br \/>\n<strong>Sch\u00fclerlauf 2000 m<\/strong><br \/>\n<br \/>\n3.\tHannah Groeper\t       10:05\t3.\tWK U14<br \/>\n<br \/>\n<strong>Sch\u00fclerlauf 1000 m<\/strong><br \/>\n<br \/>\n1.\tJulia Schneider\t        3:55\t        1.\tWK U12<br \/>\n<br \/>\nErfreulich auch das Ergebnis der Cup-Wertung aus den 4 L\u00e4ufen der Winterlaufserie. Die TSVler konzentrierten sich dabei auf die 3 L\u00e4ufe: Grafenau, Glaspalst und Magstadt und hatten damit kein Streichergebnis frei. Ein starkes Ergebnis: 4 der 6 Cup-L\u00e4ufer des TSV erliefen sich Podiumspl\u00e4tze in der Altersklasse.<br \/>\n<br \/>\n<strong>Winterlaufserie B\u00f6blingen CUP-Wertung<\/strong><br \/>\n<br \/>\nHannah Groeper\t     2.        WK U14<br \/>\nKirsten Baumann    2.\t        W40<br \/>\nUta Groeper\t     3.\tW40<br \/>\nHagen Zel\u00dfmann     3.\tM50<br \/>\nAlbrecht Mayer\t     4.\tM60<br \/>\nThomas Lohrer\t     10.\tM45<br \/>\n<figure id=\"attachment_5759\" aria-describedby=\"caption-attachment-5759\" style=\"width: 269px\" class=\"wp-caption alignnone\"><img loading=\"lazy\" decoding=\"async\" src=\"http:\/\/tsvkuppingen.de\/lauftreff\/site\/wp-content\/uploads\/2017\/03\/TSVler-in-Magstadt-269x300.jpg\" alt=\"TSVler in Magstadt\" title=\"TSVler in Magstadt\" width=\"269\" height=\"300\" class=\"size-medium wp-image-5759\" srcset=\"https:\/\/tsvkuppingen.de\/lauftreff\/site\/wp-content\/uploads\/2017\/03\/TSVler-in-Magstadt-269x300.jpg 269w, https:\/\/tsvkuppingen.de\/lauftreff\/site\/wp-content\/uploads\/2017\/03\/TSVler-in-Magstadt-919x1023.jpg 919w, https:\/\/tsvkuppingen.de\/lauftreff\/site\/wp-content\/uploads\/2017\/03\/TSVler-in-Magstadt.jpg 1720w\" sizes=\"auto, (max-width: 269px) 100vw, 269px\" \/><figcaption id=\"caption-attachment-5759\" class=\"wp-caption-text\">TSVler in Magstadt<\/figcaption><\/figure><\/p>\n","protected":false},"excerpt":{"rendered":"<p>19.03.2017: 4. Magstadtlauf Am Abschlusslauf in Magstadt \u00fcber 10,5 km der Winterlaufserie B\u00f6blingen gingen 329 Starter ins Rennen. Bei 12 \u00b0C und trockenen Bedingungen ging es die ersten 2 km hinauf in den Wald. Vom starken Wind merkten die L\u00e4ufer noch nichts, da sie ihn als R\u00fcckenwind bekamen. Auch im Wald mit leichtem auf und [&hellip;]<\/p>\n","protected":false},"author":5,"featured_media":0,"comment_status":"open","ping_status":"open","sticky":false,"template":"","format":"standard","meta":{"ngg_post_thumbnail":0,"footnotes":""},"categories":[16],"tags":[],"class_list":["post-5747","post","type-post","status-publish","format-standard","hentry","category-ergebnisse2017"],"_links":{"self":[{"href":"https:\/\/tsvkuppingen.de\/lauftreff\/site\/index.php?rest_route=\/wp\/v2\/posts\/5747","targetHints":{"allow":["GET"]}}],"collection":[{"href":"https:\/\/tsvkuppingen.de\/lauftreff\/site\/index.php?rest_route=\/wp\/v2\/posts"}],"about":[{"href":"https:\/\/tsvkuppingen.de\/lauftreff\/site\/index.php?rest_route=\/wp\/v2\/types\/post"}],"author":[{"embeddable":true,"href":"https:\/\/tsvkuppingen.de\/lauftreff\/site\/index.php?rest_route=\/wp\/v2\/users\/5"}],"replies":[{"embeddable":true,"href":"https:\/\/tsvkuppingen.de\/lauftreff\/site\/index.php?rest_route=%2Fwp%2Fv2%2Fcomments&post=5747"}],"version-history":[{"count":16,"href":"https:\/\/tsvkuppingen.de\/lauftreff\/site\/index.php?rest_route=\/wp\/v2\/posts\/5747\/revisions"}],"predecessor-version":[{"id":5764,"href":"https:\/\/tsvkuppingen.de\/lauftreff\/site\/index.php?rest_route=\/wp\/v2\/posts\/5747\/revisions\/5764"}],"wp:attachment":[{"href":"https:\/\/tsvkuppingen.de\/lauftreff\/site\/index.php?rest_route=%2Fwp%2Fv2%2Fmedia&parent=5747"}],"wp:term":[{"taxonomy":"category","embeddable":true,"href":"https:\/\/tsvkuppingen.de\/lauftreff\/site\/index.php?rest_route=%2Fwp%2Fv2%2Fcategories&post=5747"},{"taxonomy":"post_tag","embeddable":true,"href":"https:\/\/tsvkuppingen.de\/lauftreff\/site\/index.php?rest_route=%2Fwp%2Fv2%2Ftags&post=5747"}],"curies":[{"name":"wp","href":"https:\/\/api.w.org\/{rel}","templated":true}]}}