{"id":5772,"date":"2017-03-27T09:24:15","date_gmt":"2017-03-27T07:24:15","guid":{"rendered":"http:\/\/tsvkuppingen.de\/lauftreff\/site\/?p=5772"},"modified":"2017-03-27T09:25:20","modified_gmt":"2017-03-27T07:25:20","slug":"25-03-2017-hermann-hesse-lauf-calw","status":"publish","type":"post","link":"https:\/\/tsvkuppingen.de\/lauftreff\/site\/?p=5772","title":{"rendered":"25.03.2017: Hermann-Hesse-Lauf Calw"},"content":{"rendered":"<p>\n<strong>TSVler starten erfolgreich beim Calwer Hesse Lauf<\/strong><br \/>\n<br \/>\nBeim Start in die Sommersaison beim Hermann-Hesse-Lauf in Calw waren auch die L\u00e4ufer und L\u00e4uferinnen des TSV am Samstag den 25.03.17 dabei. Auf der vermessenen flachen 10 km Strecke war mit Sabrina Mockenhaupt eine mehrfache deutsche Meisterin am Start. Ihr Ziel war die Verbesserung ihres eigenen Streckenrekordes von 34:00. Mit einer Zeit von 33:39 Minuten gelang ihr das deutlich. Gut in Form auch die TSVler. Christine und Viktoria Zel\u00dfmann gelang der Sprung aufs Podest in Altersklasse mit Rang 3. Mit am Start waren auch Markus Weisse (36:47) der f\u00fcr seinen neuen Verein TV Kempten lief  und Kurt Eisenhardt (51:58) der f\u00fcr LBS Laufteam S\u00fcdwest antrat. Schnellster Kuppinger war Hagen Zel\u00dfmann mit von 40:58.<br \/>\n<br \/>\n<strong>Hauptlauf \u00fcber 20 km<\/strong><br \/>\n<\/p>\n<table border=\"0\" cellspacing=\"0\" cellpadding=\"1\">\n<colgroup>\n<col width=\"51\">\n<col width=\"144\">\n<col width=\"64\">\n<col width=\"64\">\n<col width=\"51\"> <\/colgroup>\n<tbody>\n<tr>\n<td>\n<p align=\"right\">106.    <\/p>\n<\/td>\n<td> Hagen Zel\u00dfmann                <\/td>\n<td>\n<p align=\"right\">40:58 <\/p>\n<\/td>\n<td>\n<p align=\"right\">8.     <\/p>\n<\/td>\n<td> M50                           <\/td>\n<\/tr>\n<tr>\n<td>\n<p align=\"right\">258.    <\/p>\n<\/td>\n<td> Viktoria Zel\u00dfmann                <\/td>\n<td>\n<p align=\"right\">49:30 <\/p>\n<\/td>\n<td>\n<p align=\"right\">3.     <\/p>\n<\/td>\n<td> WJU18                           <\/td>\n<\/tr>\n<tr>\n<td>\n<p align=\"right\">263.    <\/p>\n<\/td>\n<td> Christine Zel\u00dfmann                 <\/td>\n<td>\n<p align=\"right\">49.33  <\/p>\n<\/td>\n<td>\n<p align=\"right\">3.      <\/p>\n<\/td>\n<td> WJU20                          <\/td>\n<\/tr>\n<tr>\n<td>\n<p align=\"right\">265.    <\/p>\n<\/td>\n<td> Carina Goseberg                <\/td>\n<td>\n<p align=\"right\">49:35 <\/p>\n<\/td>\n<td>\n<p align=\"right\">5.     <\/p>\n<\/td>\n<td> W35                          <\/td>\n<\/tr>\n<tr>\n<td>\n<p align=\"right\">271.    <\/p>\n<\/td>\n<td> Uta Groeper                   <\/td>\n<td>\n<p align=\"right\">49:46 <\/p>\n<\/td>\n<td>\n<p align=\"right\">7.     <\/p>\n<\/td>\n<td> W40                           <\/td>\n<\/tr>\n<tr>\n<td>\n<p align=\"right\">290.    <\/p>\n<\/td>\n<td> Matthias Zel\u00dfmann           <\/td>\n<td>\n<p align=\"right\">51:30 <\/p>\n<\/td>\n<td>\n<p align=\"right\">4.     <\/p>\n<\/td>\n<td> MJU18                           <\/td>\n<\/tr>\n<tr>\n<td>\n<p align=\"right\">299.    <\/p>\n<\/td>\n<td> Katrin Zel\u00dfmann               <\/td>\n<td>\n<p align=\"right\">52:00 <\/p>\n<\/td>\n<td>\n<p align=\"right\">5.     <\/p>\n<\/td>\n<td> W50                           <\/td>\n<\/tr>\n<\/tbody>\n<\/table>\n<figure id=\"attachment_5787\" aria-describedby=\"caption-attachment-5787\" style=\"width: 269px\" class=\"wp-caption alignnone\"><img loading=\"lazy\" decoding=\"async\" src=\"http:\/\/tsvkuppingen.de\/lauftreff\/site\/wp-content\/uploads\/2017\/03\/Christine-Zel\u00dfmann-beim-Endspurt-269x300.jpg\" alt=\"Christine Zel\u00dfmann beim Endspurt\" title=\"Christine Zel\u00dfmann beim Endspurt\" width=\"269\" height=\"300\" class=\"size-medium wp-image-5787\" srcset=\"https:\/\/tsvkuppingen.de\/lauftreff\/site\/wp-content\/uploads\/2017\/03\/Christine-Zel\u00dfmann-beim-Endspurt-269x300.jpg 269w, https:\/\/tsvkuppingen.de\/lauftreff\/site\/wp-content\/uploads\/2017\/03\/Christine-Zel\u00dfmann-beim-Endspurt.jpg 620w\" sizes=\"auto, (max-width: 269px) 100vw, 269px\" \/><figcaption id=\"caption-attachment-5787\" class=\"wp-caption-text\">Christine Zel\u00dfmann beim Endspurt<\/figcaption><\/figure>\n","protected":false},"excerpt":{"rendered":"<p>TSVler starten erfolgreich beim Calwer Hesse Lauf Beim Start in die Sommersaison beim Hermann-Hesse-Lauf in Calw waren auch die L\u00e4ufer und L\u00e4uferinnen des TSV am Samstag den 25.03.17 dabei. Auf der vermessenen flachen 10 km Strecke war mit Sabrina Mockenhaupt eine mehrfache deutsche Meisterin am Start. Ihr Ziel war die Verbesserung ihres eigenen Streckenrekordes von [&hellip;]<\/p>\n","protected":false},"author":5,"featured_media":0,"comment_status":"open","ping_status":"open","sticky":false,"template":"","format":"standard","meta":{"ngg_post_thumbnail":0,"footnotes":""},"categories":[16],"tags":[],"class_list":["post-5772","post","type-post","status-publish","format-standard","hentry","category-ergebnisse2017"],"_links":{"self":[{"href":"https:\/\/tsvkuppingen.de\/lauftreff\/site\/index.php?rest_route=\/wp\/v2\/posts\/5772","targetHints":{"allow":["GET"]}}],"collection":[{"href":"https:\/\/tsvkuppingen.de\/lauftreff\/site\/index.php?rest_route=\/wp\/v2\/posts"}],"about":[{"href":"https:\/\/tsvkuppingen.de\/lauftreff\/site\/index.php?rest_route=\/wp\/v2\/types\/post"}],"author":[{"embeddable":true,"href":"https:\/\/tsvkuppingen.de\/lauftreff\/site\/index.php?rest_route=\/wp\/v2\/users\/5"}],"replies":[{"embeddable":true,"href":"https:\/\/tsvkuppingen.de\/lauftreff\/site\/index.php?rest_route=%2Fwp%2Fv2%2Fcomments&post=5772"}],"version-history":[{"count":20,"href":"https:\/\/tsvkuppingen.de\/lauftreff\/site\/index.php?rest_route=\/wp\/v2\/posts\/5772\/revisions"}],"predecessor-version":[{"id":5793,"href":"https:\/\/tsvkuppingen.de\/lauftreff\/site\/index.php?rest_route=\/wp\/v2\/posts\/5772\/revisions\/5793"}],"wp:attachment":[{"href":"https:\/\/tsvkuppingen.de\/lauftreff\/site\/index.php?rest_route=%2Fwp%2Fv2%2Fmedia&parent=5772"}],"wp:term":[{"taxonomy":"category","embeddable":true,"href":"https:\/\/tsvkuppingen.de\/lauftreff\/site\/index.php?rest_route=%2Fwp%2Fv2%2Fcategories&post=5772"},{"taxonomy":"post_tag","embeddable":true,"href":"https:\/\/tsvkuppingen.de\/lauftreff\/site\/index.php?rest_route=%2Fwp%2Fv2%2Ftags&post=5772"}],"curies":[{"name":"wp","href":"https:\/\/api.w.org\/{rel}","templated":true}]}}