{"id":5931,"date":"2017-04-16T17:32:48","date_gmt":"2017-04-16T15:32:48","guid":{"rendered":"http:\/\/tsvkuppingen.de\/lauftreff\/site\/?p=5931"},"modified":"2017-04-16T17:32:48","modified_gmt":"2017-04-16T15:32:48","slug":"09-04-2017-paris-marathon","status":"publish","type":"post","link":"https:\/\/tsvkuppingen.de\/lauftreff\/site\/?p=5931","title":{"rendered":"09.04.2017: Paris Marathon"},"content":{"rendered":"<p>&nbsp;<\/p>\n<p><strong>Zwei V\u00e4ter und zwei S\u00f6hne beim Paris Marathon<\/strong><\/p>\n<p>&nbsp;<\/p>\n<p>Joe Pioch, ein erfahrener Marathonl\u00e4ufer, David Pioch bei seinem zweiten Start und die Debutanten Christoph und Felix Kopp starteten am Sonntag beim Paris-Marathon.<\/p>\n<p>Bei Sommerwetter mit 25 Grad inmitten von 57.000 L\u00e4ufern und bester Stimmung kamen die V\u00e4ter Joe Pioch mit 4:34:27 und Christoph Kopp mit 4:30:01 ins Ziel. Die S\u00f6hne waren schon fr\u00fcher da. David Pioch mit 3:50:55 und Felix Kopp bei seinem ersten Marathon mit 3:36:24.<\/p>\n<figure id=\"attachment_5932\" aria-describedby=\"caption-attachment-5932\" style=\"width: 300px\" class=\"wp-caption alignnone\"><img loading=\"lazy\" decoding=\"async\" src=\"http:\/\/tsvkuppingen.de\/lauftreff\/site\/wp-content\/uploads\/2017\/04\/Christoph-und-Felix-Kopp-sowie-David-und-Joe-Pioch-in-Paris-300x168.jpg\" alt=\"Christoph und Felix Kopp sowie David und Joe Pioch in Paris\" title=\"Christoph und Felix Kopp sowie David und Joe Pioch in Paris\" width=\"300\" height=\"168\" class=\"size-medium wp-image-5932\" srcset=\"https:\/\/tsvkuppingen.de\/lauftreff\/site\/wp-content\/uploads\/2017\/04\/Christoph-und-Felix-Kopp-sowie-David-und-Joe-Pioch-in-Paris-300x168.jpg 300w, https:\/\/tsvkuppingen.de\/lauftreff\/site\/wp-content\/uploads\/2017\/04\/Christoph-und-Felix-Kopp-sowie-David-und-Joe-Pioch-in-Paris-1024x576.jpg 1024w\" sizes=\"auto, (max-width: 300px) 100vw, 300px\" \/><figcaption id=\"caption-attachment-5932\" class=\"wp-caption-text\">Christoph und Felix Kopp sowie David und Joe Pioch in Paris<\/figcaption><\/figure>\n","protected":false},"excerpt":{"rendered":"<p>&nbsp; Zwei V\u00e4ter und zwei S\u00f6hne beim Paris Marathon &nbsp; Joe Pioch, ein erfahrener Marathonl\u00e4ufer, David Pioch bei seinem zweiten Start und die Debutanten Christoph und Felix Kopp starteten am Sonntag beim Paris-Marathon. Bei Sommerwetter mit 25 Grad inmitten von 57.000 L\u00e4ufern und bester Stimmung kamen die V\u00e4ter Joe Pioch mit 4:34:27 und Christoph Kopp [&hellip;]<\/p>\n","protected":false},"author":5,"featured_media":0,"comment_status":"open","ping_status":"open","sticky":false,"template":"","format":"standard","meta":{"ngg_post_thumbnail":0,"footnotes":""},"categories":[16],"tags":[],"class_list":["post-5931","post","type-post","status-publish","format-standard","hentry","category-ergebnisse2017"],"_links":{"self":[{"href":"https:\/\/tsvkuppingen.de\/lauftreff\/site\/index.php?rest_route=\/wp\/v2\/posts\/5931","targetHints":{"allow":["GET"]}}],"collection":[{"href":"https:\/\/tsvkuppingen.de\/lauftreff\/site\/index.php?rest_route=\/wp\/v2\/posts"}],"about":[{"href":"https:\/\/tsvkuppingen.de\/lauftreff\/site\/index.php?rest_route=\/wp\/v2\/types\/post"}],"author":[{"embeddable":true,"href":"https:\/\/tsvkuppingen.de\/lauftreff\/site\/index.php?rest_route=\/wp\/v2\/users\/5"}],"replies":[{"embeddable":true,"href":"https:\/\/tsvkuppingen.de\/lauftreff\/site\/index.php?rest_route=%2Fwp%2Fv2%2Fcomments&post=5931"}],"version-history":[{"count":10,"href":"https:\/\/tsvkuppingen.de\/lauftreff\/site\/index.php?rest_route=\/wp\/v2\/posts\/5931\/revisions"}],"predecessor-version":[{"id":5942,"href":"https:\/\/tsvkuppingen.de\/lauftreff\/site\/index.php?rest_route=\/wp\/v2\/posts\/5931\/revisions\/5942"}],"wp:attachment":[{"href":"https:\/\/tsvkuppingen.de\/lauftreff\/site\/index.php?rest_route=%2Fwp%2Fv2%2Fmedia&parent=5931"}],"wp:term":[{"taxonomy":"category","embeddable":true,"href":"https:\/\/tsvkuppingen.de\/lauftreff\/site\/index.php?rest_route=%2Fwp%2Fv2%2Fcategories&post=5931"},{"taxonomy":"post_tag","embeddable":true,"href":"https:\/\/tsvkuppingen.de\/lauftreff\/site\/index.php?rest_route=%2Fwp%2Fv2%2Ftags&post=5931"}],"curies":[{"name":"wp","href":"https:\/\/api.w.org\/{rel}","templated":true}]}}