{"id":7819,"date":"2019-09-01T21:03:59","date_gmt":"2019-09-01T19:03:59","guid":{"rendered":"http:\/\/tsvkuppingen.de\/lauftreff\/site\/?p=7819"},"modified":"2019-09-01T21:04:28","modified_gmt":"2019-09-01T19:04:28","slug":"29-08-2019-gruntalultra","status":"publish","type":"post","link":"https:\/\/tsvkuppingen.de\/lauftreff\/site\/?p=7819","title":{"rendered":"29.08.2019: Gr\u00fcntalUltra"},"content":{"rendered":"<p>&nbsp;<\/p>\n<p>Als Prolog zum 3t\u00e4gigen SchwarzwaldUltra fand am 29.08. in der N\u00e4he von Freudenstadt der Gr\u00fcntalUltra-Lauf statt. Der Startschuss fiel um 7 Uhr morgens, ein Rundkurs von 19 km und 454 H\u00f6henmeteren war dreimal zu durchlaufen.<br \/>\nSabine und Roland Ries stellten sich dieser Herausforderung. Dabei konnte Sabine Ries in der Frauenklasse den 2. Platz erringen, kaum weniger erfolgreich gelang Roland Ries mit dem 3. Platz in der M\u00e4nnerklasse ebenfalls der Sprung auf Siegertreppchen. <\/p>\n<p>&nbsp;<\/p>\n<p>Ergebnis &#8211; Gr\u00fcntalUltra, 57 km &#8211; 1362 H\u00f6henmeter<\/p>\n<p>&nbsp;<\/p>\n<p>Frauen:<br \/>\n 2. Ries, Sabine  08:59:00  2.W<\/p>\n<p>&nbsp;<\/p>\n<p>M\u00e4nner:<br \/>\n 3. Ries, Roland  07:20:00  3.M  <\/p>\n<p>&nbsp;<\/p>\n<figure id=\"attachment_7783\" aria-describedby=\"caption-attachment-7783\" style=\"width: 200px\" class=\"wp-caption alignnone\"><img loading=\"lazy\" decoding=\"async\" src=\"http:\/\/tsvkuppingen.de\/lauftreff\/site\/wp-content\/uploads\/2019\/09\/Gruental.jpg\" alt=\"Sabine Ries (l.) auf dem Siegertreppchen\" title=\"Sabine Ries (l.) auf dem Siegertreppchen\" width=\"200\" height=\"265\" class=\"size-medium wp-image-7783\" \/><figcaption id=\"caption-attachment-7783\" class=\"wp-caption-text\">Sabine Ries (l.) auf dem Siegertreppchen<\/figcaption><\/figure>\n<p>&nbsp;<\/p>\n<p>&nbsp;<\/p>\n","protected":false},"excerpt":{"rendered":"<p>&nbsp; Als Prolog zum 3t\u00e4gigen SchwarzwaldUltra fand am 29.08. in der N\u00e4he von Freudenstadt der Gr\u00fcntalUltra-Lauf statt. Der Startschuss fiel um 7 Uhr morgens, ein Rundkurs von 19 km und 454 H\u00f6henmeteren war dreimal zu durchlaufen. Sabine und Roland Ries stellten sich dieser Herausforderung. Dabei konnte Sabine Ries in der Frauenklasse den 2. Platz erringen, [&hellip;]<\/p>\n","protected":false},"author":4,"featured_media":0,"comment_status":"open","ping_status":"open","sticky":false,"template":"","format":"standard","meta":{"ngg_post_thumbnail":0,"footnotes":""},"categories":[18],"tags":[],"class_list":["post-7819","post","type-post","status-publish","format-standard","hentry","category-ergebnisse2019"],"_links":{"self":[{"href":"https:\/\/tsvkuppingen.de\/lauftreff\/site\/index.php?rest_route=\/wp\/v2\/posts\/7819","targetHints":{"allow":["GET"]}}],"collection":[{"href":"https:\/\/tsvkuppingen.de\/lauftreff\/site\/index.php?rest_route=\/wp\/v2\/posts"}],"about":[{"href":"https:\/\/tsvkuppingen.de\/lauftreff\/site\/index.php?rest_route=\/wp\/v2\/types\/post"}],"author":[{"embeddable":true,"href":"https:\/\/tsvkuppingen.de\/lauftreff\/site\/index.php?rest_route=\/wp\/v2\/users\/4"}],"replies":[{"embeddable":true,"href":"https:\/\/tsvkuppingen.de\/lauftreff\/site\/index.php?rest_route=%2Fwp%2Fv2%2Fcomments&post=7819"}],"version-history":[{"count":14,"href":"https:\/\/tsvkuppingen.de\/lauftreff\/site\/index.php?rest_route=\/wp\/v2\/posts\/7819\/revisions"}],"predecessor-version":[{"id":7834,"href":"https:\/\/tsvkuppingen.de\/lauftreff\/site\/index.php?rest_route=\/wp\/v2\/posts\/7819\/revisions\/7834"}],"wp:attachment":[{"href":"https:\/\/tsvkuppingen.de\/lauftreff\/site\/index.php?rest_route=%2Fwp%2Fv2%2Fmedia&parent=7819"}],"wp:term":[{"taxonomy":"category","embeddable":true,"href":"https:\/\/tsvkuppingen.de\/lauftreff\/site\/index.php?rest_route=%2Fwp%2Fv2%2Fcategories&post=7819"},{"taxonomy":"post_tag","embeddable":true,"href":"https:\/\/tsvkuppingen.de\/lauftreff\/site\/index.php?rest_route=%2Fwp%2Fv2%2Ftags&post=7819"}],"curies":[{"name":"wp","href":"https:\/\/api.w.org\/{rel}","templated":true}]}}